{"id":39769,"date":"2026-09-01T08:30:00","date_gmt":"2026-09-01T06:30:00","guid":{"rendered":"https:\/\/www.medialinternational.com\/?p=39769"},"modified":"2026-08-28T16:57:20","modified_gmt":"2026-08-28T14:57:20","slug":"welkom-ex","status":"publish","type":"post","link":"https:\/\/www.medialinternational.com\/de\/welkom-ex\/","title":{"rendered":"WELKOM-EX"},"content":{"rendered":"\n<h2 class=\"wp-block-heading\">INNENR\u00c4UME SCH\u00dcTZEN \u2013 BEGONNEN IM AUSSENBEREICH<\/h2>\n\n\n\n<p class=\"wp-block-paragraph\">Eingangsbereiche sind die erste Schnittstelle zwischen Au\u00dfen- und Innenr\u00e4umen. Regen, Schmutz und Ablagerungen k\u00f6nnen Sauberkeit und Sicherheit bereits beim Betreten eines Geb\u00e4udes beeintr\u00e4chtigen.<\/p>\n\n\n\n<p class=\"wp-block-paragraph\">Um den Anforderungen stark frequentierter Au\u00dfenbereiche gerecht zu werden, erweitert Medial sein Sortiment an Eingangsmatten um WELKOM-EX \u2013 die neue L\u00f6sung, die f\u00fcr zuverl\u00e4ssige Entw\u00e4sserung, Widerstandsf\u00e4higkeit und Langlebigkeit entwickelt wurde.<\/p>\n\n\n\n<p class=\"wp-block-paragraph\">Dank seiner speziellen Struktur aus verschlungenen PVC-Schlingen erm\u00f6glicht WELKOM-EX einen sofortigen Wasserablauf und h\u00e4lt Schmutz wirksam zur\u00fcck, bevor dieser in Innenr\u00e4ume getragen wird. So tr\u00e4gt die Matte dazu bei, Eingangsbereiche sauberer und sicherer zu halten.<\/p>\n\n\n\n<p class=\"wp-block-paragraph\">Die WELKOM-EX Produktreihe umfasst die Farben Hellgrau, Blau und Rot und wird in Rollen von 120 cm x 6 m geliefert. Damit bietet sie eine praktische und vielseitige L\u00f6sung f\u00fcr Gesch\u00e4ftseing\u00e4nge, \u00fcberdachte Durchg\u00e4nge und stark frequentierte Au\u00dfenbereiche.<\/p>\n\n\n\n<p class=\"wp-block-paragraph\">WELKOM-EX ist ab sofort auf der Medial-Website sowie im Neuheitenkatalog 2026 verf\u00fcgbar.<\/p>\n","protected":false},"excerpt":{"rendered":"<p>INNENR\u00c4UME SCH\u00dcTZEN \u2013 BEGONNEN IM AUSSENBEREICH Eingangsbereiche sind die erste Schnittstelle zwischen Au\u00dfen- und Innenr\u00e4umen. Regen, Schmutz und Ablagerungen k\u00f6nnen Sauberkeit und Sicherheit bereits beim Betreten eines Geb\u00e4udes beeintr\u00e4chtigen. Um den Anforderungen stark frequentierter Au\u00dfenbereiche gerecht zu werden, erweitert Medial sein Sortiment an Eingangsmatten um WELKOM-EX \u2013 die neue L\u00f6sung, die f\u00fcr zuverl\u00e4ssige Entw\u00e4sserung, Widerstandsf\u00e4higkeit [&hellip;]<\/p>\n","protected":false},"author":4,"featured_media":39764,"comment_status":"open","ping_status":"open","sticky":false,"template":"","format":"standard","meta":{"_acf_changed":false,"footnotes":""},"categories":[637],"tags":[],"class_list":["post-39769","post","type-post","status-publish","format-standard","has-post-thumbnail","hentry","category-news-de"],"acf":[],"_links":{"self":[{"href":"https:\/\/www.medialinternational.com\/de\/wp-json\/wp\/v2\/posts\/39769","targetHints":{"allow":["GET"]}}],"collection":[{"href":"https:\/\/www.medialinternational.com\/de\/wp-json\/wp\/v2\/posts"}],"about":[{"href":"https:\/\/www.medialinternational.com\/de\/wp-json\/wp\/v2\/types\/post"}],"author":[{"embeddable":true,"href":"https:\/\/www.medialinternational.com\/de\/wp-json\/wp\/v2\/users\/4"}],"replies":[{"embeddable":true,"href":"https:\/\/www.medialinternational.com\/de\/wp-json\/wp\/v2\/comments?post=39769"}],"version-history":[{"count":2,"href":"https:\/\/www.medialinternational.com\/de\/wp-json\/wp\/v2\/posts\/39769\/revisions"}],"predecessor-version":[{"id":39777,"href":"https:\/\/www.medialinternational.com\/de\/wp-json\/wp\/v2\/posts\/39769\/revisions\/39777"}],"wp:featuredmedia":[{"embeddable":true,"href":"https:\/\/www.medialinternational.com\/de\/wp-json\/wp\/v2\/media\/39764"}],"wp:attachment":[{"href":"https:\/\/www.medialinternational.com\/de\/wp-json\/wp\/v2\/media?parent=39769"}],"wp:term":[{"taxonomy":"category","embeddable":true,"href":"https:\/\/www.medialinternational.com\/de\/wp-json\/wp\/v2\/categories?post=39769"},{"taxonomy":"post_tag","embeddable":true,"href":"https:\/\/www.medialinternational.com\/de\/wp-json\/wp\/v2\/tags?post=39769"}],"curies":[{"name":"wp","href":"https:\/\/api.w.org\/{rel}","templated":true}]}}