{"id":39770,"date":"2026-09-01T08:30:00","date_gmt":"2026-09-01T06:30:00","guid":{"rendered":"https:\/\/www.medialinternational.com\/?p=39770"},"modified":"2026-08-28T16:57:55","modified_gmt":"2026-08-28T14:57:55","slug":"welkom-ex","status":"publish","type":"post","link":"https:\/\/www.medialinternational.com\/es\/welkom-ex\/","title":{"rendered":"WELKOM-EX"},"content":{"rendered":"\n<h2 class=\"wp-block-heading\">PROTEGER LOS ESPACIOS INTERIORES EMPEZANDO DESDE EL EXTERIOR<\/h2>\n\n\n\n<p class=\"wp-block-paragraph\">Las entradas representan el primer punto de contacto entre los espacios exteriores y los entornos interiores. La lluvia, la suciedad y los residuos pueden comprometer la limpieza y la seguridad desde el acceso al edificio.<\/p>\n\n\n\n<p class=\"wp-block-paragraph\">Para responder a las necesidades de las zonas exteriores de alto tr\u00e1nsito, Medial ampl\u00eda su gama de alfombras de entrada con WELKOM-EX, la nueva soluci\u00f3n dise\u00f1ada para garantizar drenaje, resistencia y fiabilidad a lo largo del tiempo.<\/p>\n\n\n\n<p class=\"wp-block-paragraph\">Gracias a su especial estructura de bucles entrelazados de PVC, WELKOM-EX favorece el drenaje inmediato del agua y retiene eficazmente la suciedad antes de que sea transportada al interior de los edificios, contribuyendo a mantener los accesos m\u00e1s limpios y seguros.<\/p>\n\n\n\n<p class=\"wp-block-paragraph\">La gama WELKOM-EX incluye los colores gris claro, azul y rojo y se suministra en rollos de 120 cm x 6 m, ofreciendo una soluci\u00f3n pr\u00e1ctica y vers\u00e1til para entradas comerciales, pasillos cubiertos y zonas exteriores sujetas a un uso intensivo.<\/p>\n\n\n\n<p class=\"wp-block-paragraph\">WELKOM-EX ya est\u00e1 disponible en el sitio web de Medial y en el Cat\u00e1logo de Novedades 2026.<\/p>\n","protected":false},"excerpt":{"rendered":"<p>PROTEGER LOS ESPACIOS INTERIORES EMPEZANDO DESDE EL EXTERIOR Las entradas representan el primer punto de contacto entre los espacios exteriores y los entornos interiores. La lluvia, la suciedad y los residuos pueden comprometer la limpieza y la seguridad desde el acceso al edificio. Para responder a las necesidades de las zonas exteriores de alto tr\u00e1nsito, [&hellip;]<\/p>\n","protected":false},"author":4,"featured_media":39765,"comment_status":"open","ping_status":"open","sticky":false,"template":"","format":"standard","meta":{"_acf_changed":false,"footnotes":""},"categories":[638],"tags":[],"class_list":["post-39770","post","type-post","status-publish","format-standard","has-post-thumbnail","hentry","category-news-es"],"acf":[],"_links":{"self":[{"href":"https:\/\/www.medialinternational.com\/es\/wp-json\/wp\/v2\/posts\/39770","targetHints":{"allow":["GET"]}}],"collection":[{"href":"https:\/\/www.medialinternational.com\/es\/wp-json\/wp\/v2\/posts"}],"about":[{"href":"https:\/\/www.medialinternational.com\/es\/wp-json\/wp\/v2\/types\/post"}],"author":[{"embeddable":true,"href":"https:\/\/www.medialinternational.com\/es\/wp-json\/wp\/v2\/users\/4"}],"replies":[{"embeddable":true,"href":"https:\/\/www.medialinternational.com\/es\/wp-json\/wp\/v2\/comments?post=39770"}],"version-history":[{"count":2,"href":"https:\/\/www.medialinternational.com\/es\/wp-json\/wp\/v2\/posts\/39770\/revisions"}],"predecessor-version":[{"id":39778,"href":"https:\/\/www.medialinternational.com\/es\/wp-json\/wp\/v2\/posts\/39770\/revisions\/39778"}],"wp:featuredmedia":[{"embeddable":true,"href":"https:\/\/www.medialinternational.com\/es\/wp-json\/wp\/v2\/media\/39765"}],"wp:attachment":[{"href":"https:\/\/www.medialinternational.com\/es\/wp-json\/wp\/v2\/media?parent=39770"}],"wp:term":[{"taxonomy":"category","embeddable":true,"href":"https:\/\/www.medialinternational.com\/es\/wp-json\/wp\/v2\/categories?post=39770"},{"taxonomy":"post_tag","embeddable":true,"href":"https:\/\/www.medialinternational.com\/es\/wp-json\/wp\/v2\/tags?post=39770"}],"curies":[{"name":"wp","href":"https:\/\/api.w.org\/{rel}","templated":true}]}}