{"id":39768,"date":"2026-09-01T08:30:00","date_gmt":"2026-09-01T06:30:00","guid":{"rendered":"https:\/\/www.medialinternational.com\/?p=39768"},"modified":"2026-08-28T16:56:50","modified_gmt":"2026-08-28T14:56:50","slug":"welkom-ex","status":"publish","type":"post","link":"https:\/\/www.medialinternational.com\/fr\/welkom-ex\/","title":{"rendered":"WELKOM-EX"},"content":{"rendered":"\n<h2 class=\"wp-block-heading\">PROT\u00c9GER LES ESPACES INT\u00c9RIEURS EN COMMEN\u00c7ANT PAR L\u2019EXT\u00c9RIEUR<\/h2>\n\n\n\n<p class=\"wp-block-paragraph\">Les entr\u00e9es repr\u00e9sentent le premier point de contact entre les espaces ext\u00e9rieurs et les environnements int\u00e9rieurs. La pluie, la salet\u00e9 et les d\u00e9bris peuvent compromettre la propret\u00e9 et la s\u00e9curit\u00e9 d\u00e8s l\u2019acc\u00e8s au b\u00e2timent.<\/p>\n\n\n\n<p class=\"wp-block-paragraph\">Pour r\u00e9pondre aux exigences des zones ext\u00e9rieures \u00e0 fort trafic, Medial \u00e9largit sa gamme de tapis d\u2019entr\u00e9e avec WELKOM-EX, la nouvelle solution con\u00e7ue pour garantir drainage, r\u00e9sistance et fiabilit\u00e9 dans le temps.<\/p>\n\n\n\n<p class=\"wp-block-paragraph\">Gr\u00e2ce \u00e0 sa structure sp\u00e9ciale en boucles PVC entrelac\u00e9es, WELKOM-EX favorise le drainage imm\u00e9diat de l\u2019eau et retient efficacement les salissures avant qu\u2019elles ne soient transport\u00e9es \u00e0 l\u2019int\u00e9rieur des b\u00e2timents, contribuant ainsi \u00e0 maintenir des acc\u00e8s plus propres et plus s\u00fbrs.<\/p>\n\n\n\n<p class=\"wp-block-paragraph\">La gamme WELKOM-EX comprend les coloris gris clair, bleu et rouge et est fournie en rouleaux de 120 cm x 6 m, offrant une solution pratique et polyvalente pour les entr\u00e9es commerciales, les passages couverts et les zones ext\u00e9rieures soumises \u00e0 une utilisation intensive.<\/p>\n\n\n\n<p class=\"wp-block-paragraph\">WELKOM-EX est d\u00e9sormais disponible sur le site Medial et dans le Catalogue Nouveaut\u00e9s 2026.<\/p>\n","protected":false},"excerpt":{"rendered":"<p>PROT\u00c9GER LES ESPACES INT\u00c9RIEURS EN COMMEN\u00c7ANT PAR L\u2019EXT\u00c9RIEUR Les entr\u00e9es repr\u00e9sentent le premier point de contact entre les espaces ext\u00e9rieurs et les environnements int\u00e9rieurs. La pluie, la salet\u00e9 et les d\u00e9bris peuvent compromettre la propret\u00e9 et la s\u00e9curit\u00e9 d\u00e8s l\u2019acc\u00e8s au b\u00e2timent. Pour r\u00e9pondre aux exigences des zones ext\u00e9rieures \u00e0 fort trafic, Medial \u00e9largit sa [&hellip;]<\/p>\n","protected":false},"author":4,"featured_media":39763,"comment_status":"open","ping_status":"open","sticky":false,"template":"","format":"standard","meta":{"_acf_changed":false,"footnotes":""},"categories":[540],"tags":[],"class_list":["post-39768","post","type-post","status-publish","format-standard","has-post-thumbnail","hentry","category-news-fr"],"acf":[],"_links":{"self":[{"href":"https:\/\/www.medialinternational.com\/fr\/wp-json\/wp\/v2\/posts\/39768","targetHints":{"allow":["GET"]}}],"collection":[{"href":"https:\/\/www.medialinternational.com\/fr\/wp-json\/wp\/v2\/posts"}],"about":[{"href":"https:\/\/www.medialinternational.com\/fr\/wp-json\/wp\/v2\/types\/post"}],"author":[{"embeddable":true,"href":"https:\/\/www.medialinternational.com\/fr\/wp-json\/wp\/v2\/users\/4"}],"replies":[{"embeddable":true,"href":"https:\/\/www.medialinternational.com\/fr\/wp-json\/wp\/v2\/comments?post=39768"}],"version-history":[{"count":2,"href":"https:\/\/www.medialinternational.com\/fr\/wp-json\/wp\/v2\/posts\/39768\/revisions"}],"predecessor-version":[{"id":39776,"href":"https:\/\/www.medialinternational.com\/fr\/wp-json\/wp\/v2\/posts\/39768\/revisions\/39776"}],"wp:featuredmedia":[{"embeddable":true,"href":"https:\/\/www.medialinternational.com\/fr\/wp-json\/wp\/v2\/media\/39763"}],"wp:attachment":[{"href":"https:\/\/www.medialinternational.com\/fr\/wp-json\/wp\/v2\/media?parent=39768"}],"wp:term":[{"taxonomy":"category","embeddable":true,"href":"https:\/\/www.medialinternational.com\/fr\/wp-json\/wp\/v2\/categories?post=39768"},{"taxonomy":"post_tag","embeddable":true,"href":"https:\/\/www.medialinternational.com\/fr\/wp-json\/wp\/v2\/tags?post=39768"}],"curies":[{"name":"wp","href":"https:\/\/api.w.org\/{rel}","templated":true}]}}